[{"@context":"https:\/\/schema.org\/","@type":"Article","@id":"https:\/\/www.vnew.cz\/svuj-bicykl-muzete-vzit-vsude-s-sebou\/#Article","mainEntityOfPage":"https:\/\/www.vnew.cz\/svuj-bicykl-muzete-vzit-vsude-s-sebou\/","headline":"Sv\u016fj bicykl m\u016f\u017eete vz\u00edt v\u0161ude s sebou","name":"Sv\u016fj bicykl m\u016f\u017eete vz\u00edt v\u0161ude s sebou","description":"Jestli\u017ee m\u00e1te sv\u016fj bicykl skute\u010dn\u011b r\u00e1di a nedovedete si p\u0159edstavit, \u017ee byste se bez n\u011bj t\u0159eba na dovolen\u00e9 m\u011bli obej\u00edt, tak v\u00e1m nezb\u00fdv\u00e1, ne\u017e ho &hellip; ","datePublished":"2019-09-16","dateModified":"2023-05-03","author":{"@type":"Person","@id":"https:\/\/www.vnew.cz\/author\/devene\/#Person","name":"devene","url":"https:\/\/www.vnew.cz\/author\/devene\/","identifier":1,"image":{"@type":"ImageObject","@id":"https:\/\/secure.gravatar.com\/avatar\/3c4e99fa9a9806cd5e8fd7cac6ca73ff5bbf5f3ee309e1745415eebd31482909?s=96&d=mm&r=g","url":"https:\/\/secure.gravatar.com\/avatar\/3c4e99fa9a9806cd5e8fd7cac6ca73ff5bbf5f3ee309e1745415eebd31482909?s=96&d=mm&r=g","height":96,"width":96}},"publisher":{"@type":"Organization","name":"vnew.cz","logo":{"@type":"ImageObject","@id":"\/logo.png","url":"\/logo.png","width":600,"height":60}},"image":{"@type":"ImageObject","@id":"https:\/\/www.vnew.cz\/wp-content\/uploads\/img_a347601_w1707_t1562064590.jpg","url":"https:\/\/www.vnew.cz\/wp-content\/uploads\/img_a347601_w1707_t1562064590.jpg","height":0,"width":0},"url":"https:\/\/www.vnew.cz\/svuj-bicykl-muzete-vzit-vsude-s-sebou\/","wordCount":431,"articleBody":"        Jestli\u017ee m\u00e1te sv\u016fj bicykl skute\u010dn\u011b r\u00e1di a nedovedete si p\u0159edstavit, \u017ee byste se bez n\u011bj t\u0159eba na dovolen\u00e9 m\u011bli obej\u00edt, tak v\u00e1m nezb\u00fdv\u00e1, ne\u017e ho vz\u00edt s sebou. Jak to ud\u011blat? Snadno, sta\u010d\u00ed si opat\u0159it kvalitn\u00ed nosi\u010d kol a m\u00e1te po probl\u00e9mech. Pokud jde o samotn\u00fd nosi\u010d kol, m\u016f\u017eete volit ze dvou typ\u016f podle toho, kam na automobil chcete sv\u00e9 kolo anebo klidn\u011b i v\u00edce bicykl\u016f um\u00edstit. Bu\u010f na st\u0159echu anebo do zadn\u00ed \u010d\u00e1sti va\u0161eho vozidla za kufr. Oba dva zp\u016fsoby um\u00edst\u011bn\u00ed maj\u00ed sv\u00e9 v\u00fdhody a nev\u00fdhody a sv\u00e9 krajn\u00ed p\u0159\u00edznivce i odp\u016frce si tak najde ka\u017ed\u00fd z nich.  Nicm\u00e9n\u011b p\u0159ece jen v\u011bt\u0161ina lid\u00ed preferuje nosi\u010de kol na ta\u017en\u00e9 za\u0159\u00edzen\u00ed http:\/\/www.amsa.cz\/Nosice-jizdnich-kol, a to hned z n\u011bkolika d\u016fvod\u016f. Jak z n\u00e1zvu jednozna\u010dn\u011b vypl\u00fdv\u00e1, tak takov\u00fd nosi\u010d kol je p\u0159ipevn\u011bn\u00fd na ta\u017en\u00e9m za\u0159\u00edzen\u00ed, tak\u017ee pokud ho nem\u00e1te, mus\u00edte sv\u00e9 vozidlo nejprve vybavit vhodn\u00fdm ta\u017en\u00fdm za\u0159\u00edzen\u00edm, kter\u00e9 odpov\u00edd\u00e1 konkr\u00e9tn\u00edmu typu va\u0161eho vozidla, a a\u017e posl\u00e9ze na n\u011bj m\u016f\u017eete p\u0159ipevnit nosi\u010d kol. V ka\u017ed\u00e9m p\u0159\u00edpad\u011b, kdy\u017e budete m\u00edt bicykl p\u0159ipevn\u011bn\u00fd na nosi\u010di kol na ta\u017en\u00e9m za\u0159\u00edzen\u00ed, tak m\u00e1te jistotu, \u017ee ho budete m\u00edt v\u017edy po ruce. Nebudete se pro n\u011bj muset natahovat nikam do v\u00fd\u0161ek a slo\u017eit\u011b jej sund\u00e1vat dol\u016f, a naopak posl\u00e9ze vysazovat nahoru. To p\u0159ijde vhod p\u0159edev\u0161\u00edm v\u0161em star\u0161\u00edm lidem, ale jist\u011b i \u017een\u00e1m, nebo\u0165 manipulovat s bicykly na st\u0159e\u0161e automobilu je skute\u010dn\u011b n\u00e1ro\u010dn\u00e9 a fyzicky nam\u00e1hav\u00e9, a ne ka\u017ed\u00fd to zvl\u00e1dne.  Druh\u00e9 hledisko, ze kter\u00e9ho nosi\u010d kol p\u0159ipevn\u011bn\u00fd na ta\u017en\u00e9m za\u0159\u00edzen\u00ed tak\u00e9 ocen\u00edte, je bezpe\u010dnost. Je mnohem bezpe\u010dn\u011bj\u0161\u00ed vozit bicykly p\u0159ipevn\u011bn\u00e9 za kufrem vozidla, ne\u017e na st\u0159e\u0161e. A to z prost\u00e9ho d\u016fvodu \u2013 na takov\u00fd n\u00e1klad snadno zapomenete a takov\u00e9 opomenut\u00ed v\u00e1s m\u016f\u017ee p\u0159ij\u00edt velice draho, pokud omylem vjedete do tunelu, pod stromy anebo na jin\u00e9 m\u00edsto se sn\u00ed\u017eenou v\u00fd\u0161kou pr\u016fjezdu. Riskujete t\u00edm nejen majetkovou \u00fajmu, ale p\u0159edev\u0161\u00edm ohro\u017een\u00ed bezpe\u010dnosti na silnici.                                                                                                                                                                                                                                                                                                                                                                                          4.5\/5 - (4 votes)        "},{"@context":"https:\/\/schema.org\/","@type":"BreadcrumbList","itemListElement":[{"@type":"ListItem","position":1,"name":"Sv\u016fj bicykl m\u016f\u017eete vz\u00edt v\u0161ude s sebou","item":"https:\/\/www.vnew.cz\/svuj-bicykl-muzete-vzit-vsude-s-sebou\/#breadcrumbitem"}]}]