[{"@context":"https:\/\/schema.org\/","@type":"Article","@id":"https:\/\/www.vnew.cz\/s-pronajatym-vozem-z-prazske-autopujcovny-na-vylet-zapadne-od-prahy\/#Article","mainEntityOfPage":"https:\/\/www.vnew.cz\/s-pronajatym-vozem-z-prazske-autopujcovny-na-vylet-zapadne-od-prahy\/","headline":"S pronajat\u00fdm vozem z pra\u017esk\u00e9 autop\u016fj\u010dovny na v\u00fdlet z\u00e1padn\u011b od Prahy","name":"S pronajat\u00fdm vozem z pra\u017esk\u00e9 autop\u016fj\u010dovny na v\u00fdlet z\u00e1padn\u011b od Prahy","description":"P\u016fj\u010dovna aut v Praze, kter\u00e1 pronaj\u00edm\u00e1 vozidla na ruzy\u0148sk\u00e9m leti\u0161ti, v\u00e1m umo\u017en\u00ed absolvovat v\u00fdlet do m\u00edst, kde jste mo\u017en\u00e1 je\u0161t\u011b nikdy nebyli. Mo\u017en\u00e1, \u017ee to &hellip; ","datePublished":"2022-10-15","dateModified":"2023-05-03","author":{"@type":"Person","@id":"https:\/\/www.vnew.cz\/author\/devene\/#Person","name":"devene","url":"https:\/\/www.vnew.cz\/author\/devene\/","identifier":1,"image":{"@type":"ImageObject","@id":"https:\/\/secure.gravatar.com\/avatar\/3c4e99fa9a9806cd5e8fd7cac6ca73ff5bbf5f3ee309e1745415eebd31482909?s=96&d=mm&r=g","url":"https:\/\/secure.gravatar.com\/avatar\/3c4e99fa9a9806cd5e8fd7cac6ca73ff5bbf5f3ee309e1745415eebd31482909?s=96&d=mm&r=g","height":96,"width":96}},"publisher":{"@type":"Organization","name":"vnew.cz","logo":{"@type":"ImageObject","@id":"\/logo.png","url":"\/logo.png","width":600,"height":60}},"image":{"@type":"ImageObject","@id":"https:\/\/www.vnew.cz\/wp-content\/uploads\/autumn-landscape-g689857dbf_640.jpg","url":"https:\/\/www.vnew.cz\/wp-content\/uploads\/autumn-landscape-g689857dbf_640.jpg","height":0,"width":0},"url":"https:\/\/www.vnew.cz\/s-pronajatym-vozem-z-prazske-autopujcovny-na-vylet-zapadne-od-prahy\/","about":["Business"],"wordCount":461,"articleBody":"   P\u016fj\u010dovna aut v Praze, kter\u00e1 pronaj\u00edm\u00e1 vozidla na ruzy\u0148sk\u00e9m leti\u0161ti, v\u00e1m umo\u017en\u00ed absolvovat v\u00fdlet do m\u00edst, kde jste mo\u017en\u00e1 je\u0161t\u011b nikdy nebyli. Mo\u017en\u00e1, \u017ee to skute\u010dn\u011b nezn\u00e1te z\u00e1padn\u011b od Prahy, a domn\u00edv\u00e1te se, \u017ee tu p\u0159ece nen\u00ed \u017e\u00e1dn\u00e9 turisticky atraktivn\u00ed m\u00edsto, kter\u00e9 by st\u00e1lo za zhl\u00e9dnut\u00ed. R\u00e1di bychom v\u00e1s p\u0159esv\u011bd\u010dili o tom, \u017ee tomu tak zdaleka nen\u00ed, a \u017ee mo\u017en\u00e1 pr\u00e1v\u011b tamn\u00ed krajina se v\u00e1m zal\u00edb\u00ed natolik, \u017ee se k n\u00ed budete r\u00e1di vracet.L\u00e1ny \u2013 o prezidentsk\u00e9m s\u00eddle v L\u00e1nech jste ji\u017e jist\u011b n\u011bco zaslechli, ale mo\u017en\u00e1 nev\u00edte, \u017ee je tu p\u0159ekr\u00e1sn\u00fd z\u00e1meck\u00fd park s j\u00edrovcovou alej\u00ed a tak\u00e9 vyhl\u00e1\u0161en\u00e1 L\u00e1nsk\u00e1 obora, kterou m\u016f\u017eete nav\u0161t\u00edvit i v r\u00e1mci nau\u010dn\u00e9 stezky. V\u00fdhodou pro v\u00e1s je, \u017ee z pra\u017esk\u00e9ho leti\u0161t\u011b to sem nen\u00ed daleko, po d\u00e1lnici D6 pouh\u00fdch t\u0159icet kilometr\u016f.Kl\u00ed\u010dava \u2013 z L\u00e1n se pak m\u016f\u017eete nasm\u011brovat po silnici \u010d. 116 k obci B\u011ble\u010d a odbo\u010dit sm\u011brem na Zbe\u010dno, odkud pak vystoup\u00e1te po silnici k hr\u00e1zi vodn\u00edho d\u00edla Kl\u00ed\u010dava. Tato p\u0159ehrada z\u00e1sobuje okol\u00ed pitnou vodou a je tu pochopiteln\u011b omezen vstup pouze pro p\u011b\u0161\u00ed chodce, nicm\u00e9n\u011b autem se dostanete a\u017e pod hr\u00e1z a k hr\u00e1zi je to ji\u017e jen mal\u00fd kousek p\u011b\u0161ky. Je tu v\u0161ak p\u0159ekr\u00e1sn\u00e1 p\u0159\u00edroda a zaj\u00edmav\u00fd v\u00fdhled do \u00fadol\u00ed.Zbe\u010dno, S\u00fdko\u0159ice, Ra\u010dice, \u00dajezd nad Zbe\u010dnem \u2013 tyto obce v \u00fadol\u00ed Berounky pat\u0159\u00ed k obl\u00edben\u00e9 rekrea\u010dn\u00ed oblasti, kde se nach\u00e1z\u00ed \u0159ada chat, z nich\u017e n\u011bkter\u00e9 jsou postaven\u00e9 i pom\u011brn\u011b daleko od \u0159eky. Je tu velmi zaj\u00edmav\u00fd kopcovit\u00fd ter\u00e9n uprost\u0159ed k\u0159ivokl\u00e1tsk\u00fdch les\u016f, kter\u00fd miluj\u00ed cyklist\u00e9, vod\u00e1ci, ryb\u00e1\u0159i i p\u011b\u0161\u00ed turist\u00e9. Je tu tak\u00e9 bo\u017esk\u00fd klid a m\u00e1lo os\u00eddlen\u00e1 oblast, tak\u017ee si tu m\u016f\u017eete b\u00e1je\u010dn\u011b odpo\u010dinout.K\u0159ivokl\u00e1t a Nezabudice \u2013 pokud v\u00e1s \u00fadol\u00ed Berounky oslovilo, v\u011bzte, \u017ee je tu \u0159ada dal\u0161\u00edch kr\u00e1sn\u00fdch m\u00edst, nap\u0159\u00edklad hrad K\u0159ivokl\u00e1t a tak\u00e9 p\u016fsobi\u0161t\u011b spisovatele Oty Pavla \u2013 Nezabudice. Mezi Nezabudicemi a T\u00fd\u0159ovicemi zasahuj\u00ed a\u017e k \u0159ece mohutn\u00e1 skaliska, kter\u00e1 tu v odlesku slune\u010dn\u00edch paprsk\u016f hraj\u00ed v\u0161emi barvami a d\u00e1vaj\u00ed v\u00e1m na v\u011bdom\u00ed, \u017ee \u00fadol\u00ed Berounky pat\u0159\u00ed k nejkr\u00e1sn\u011bj\u0161\u00edm p\u0159\u00edrodn\u00edm scen\u00e9ri\u00edm ve st\u0159edn\u00ed Evrop\u011b.                                                                                                                                                                                                                                                                                                                                                                                          4.4\/5 - (7 votes)        "},{"@context":"https:\/\/schema.org\/","@type":"BreadcrumbList","itemListElement":[{"@type":"ListItem","position":1,"name":"S pronajat\u00fdm vozem z pra\u017esk\u00e9 autop\u016fj\u010dovny na v\u00fdlet z\u00e1padn\u011b od Prahy","item":"https:\/\/www.vnew.cz\/s-pronajatym-vozem-z-prazske-autopujcovny-na-vylet-zapadne-od-prahy\/#breadcrumbitem"}]}]