[{"@context":"https:\/\/schema.org\/","@type":"Article","@id":"https:\/\/www.vnew.cz\/obdivujete-americkou-armadu\/#Article","mainEntityOfPage":"https:\/\/www.vnew.cz\/obdivujete-americkou-armadu\/","headline":"Obdivujete americkou arm\u00e1du?","name":"Obdivujete americkou arm\u00e1du?","description":"Nen\u00ed \u017e\u00e1dn\u00fdm tajemstv\u00edm, \u017ee se n\u00e1zory na americkou arm\u00e1du r\u016fzn\u00ed. A to jak z pohledu jednotliv\u00fdch lid\u00ed, tak i cel\u00fdch st\u00e1t\u016f. Co se st\u00e1t\u016f t\u00fdk\u00e1, &hellip; ","datePublished":"2022-11-02","dateModified":"2023-05-03","author":{"@type":"Person","@id":"https:\/\/www.vnew.cz\/author\/devene\/#Person","name":"devene","url":"https:\/\/www.vnew.cz\/author\/devene\/","identifier":1,"image":{"@type":"ImageObject","@id":"https:\/\/secure.gravatar.com\/avatar\/3c4e99fa9a9806cd5e8fd7cac6ca73ff5bbf5f3ee309e1745415eebd31482909?s=96&d=mm&r=g","url":"https:\/\/secure.gravatar.com\/avatar\/3c4e99fa9a9806cd5e8fd7cac6ca73ff5bbf5f3ee309e1745415eebd31482909?s=96&d=mm&r=g","height":96,"width":96}},"publisher":{"@type":"Organization","name":"vnew.cz","logo":{"@type":"ImageObject","@id":"\/logo.png","url":"\/logo.png","width":600,"height":60}},"image":{"@type":"ImageObject","@id":"https:\/\/www.vnew.cz\/wp-content\/uploads\/a1.jpg","url":"https:\/\/www.vnew.cz\/wp-content\/uploads\/a1.jpg","height":0,"width":0},"url":"https:\/\/www.vnew.cz\/obdivujete-americkou-armadu\/","about":["V\u00fdrobky"],"wordCount":442,"articleBody":"   Nen\u00ed \u017e\u00e1dn\u00fdm tajemstv\u00edm, \u017ee se n\u00e1zory na americkou arm\u00e1du r\u016fzn\u00ed. A to jak z pohledu jednotliv\u00fdch lid\u00ed, tak i cel\u00fdch st\u00e1t\u016f. Co se st\u00e1t\u016f t\u00fdk\u00e1, je to vcelku jasn\u00e9. Ty, kter\u00e9 jsou v NATO, jsou pochopiteln\u011b s Amerikou sp\u0159\u00e1telen\u00e9 a maj\u00ed tedy jej\u00ed voj\u00e1ky za sv\u00e9 druhy ve zbrani, za sv\u00e9 spojence, zat\u00edmco zem\u011b, kde se tato arm\u00e1da anga\u017euje proti jejich v\u016fli nebo kde je poltick\u00e9 sm\u011b\u0159ov\u00e1n\u00ed odli\u0161n\u00e9 od toho americk\u00e9ho, je tomu naopak. A u lid\u00ed to je tak\u00e9 r\u016fzn\u00e9, jen ne tak jednozna\u010dn\u00e9, proto\u017ee t\u0159eba i u n\u00e1s m\u00e1me jak p\u0159\u00edznivce, tak i odp\u016frce voj\u00e1k\u016f z USA. Jak si m\u016f\u017eeme uk\u00e1zat t\u0159eba na p\u0159\u00edkladu protest\u016f proti pr\u016fjezdu americk\u00fdch vojensk\u00fdch kolon p\u0159es na\u0161e \u00fazem\u00ed v minulosti.Kdo je u n\u00e1s odp\u016frcem americk\u00e9 arm\u00e1dy, ten si j\u00ed prost\u011b nev\u0161\u00edm\u00e1 nebo proti n\u00ed protestuje a t\u00edm to kon\u010d\u00ed. \u017d\u00e1dn\u00fd probl\u00e9m. A co ti, kdo naopak s americk\u00fdm vojskem sympatizuj\u00ed? Ti si mohou bez probl\u00e9m\u016f po\u0159izovat n\u011bco, co jim pr\u00e1v\u011b tyto ozbrojen\u00e9 s\u00edly p\u0159ipom\u00edn\u00e1. A \u017ee m\u016f\u017eeme m\u00edt toho, co US Armed Forces zn\u00e1zor\u0148uje! N\u011bkdo si tu m\u016f\u017ee po\u0159\u00eddit tri\u010dko nebo mikinu s potiskem zam\u011b\u0159en\u00fdm pr\u00e1v\u011b na tuto t\u00e9matiku, n\u011bkdo m\u016f\u017ee m\u00edt podobn\u00fd \u201aamerick\u00fd vojensk\u00fd\u2018 termohrnek, plechov\u00fd hrnek, odznak, kl\u00ed\u010denku nebo dejme tomu batoh. Pro\u010d by ne?Lid\u00e9 vyzn\u00e1vaj\u00edc\u00ed army a military styl se prost\u011b mohou bez probl\u00e9m\u016f vybavit i n\u011b\u010d\u00edm takov\u00fdm. Nen\u00ed to probl\u00e9m, na rozd\u00edl od dob m\u00e9ho ml\u00e1d\u00ed, kdy jsme si podobn\u00e1 tri\u010dka po\u0159\u00eddili leda tak, \u017ee jsme si je n\u011bkde sami pokoutn\u011b nast\u0159\u00edkali, a pak jsme je nem\u00e9n\u011b pokoutn\u011b nosili, proto\u017ee se n\u011bco podobn\u00e9ho na rozd\u00edl od modr\u00fdch ko\u0161il a pion\u00fdrsk\u00fdch \u0161\u00e1tk\u016f a odzn\u00e1\u010dk\u016f rozd\u00e1van\u00fdch ob\u010das na\u0161imi voj\u00e1ky prezen\u010dn\u00ed slu\u017eby neakceptovalo.A je tu s t\u00edm vlastn\u011b jenom jeden potenci\u00e1ln\u011b mo\u017en\u00fd probl\u00e9m. A to ten, \u017ee by si \u010dlov\u011bk asi nem\u011bl n\u011bco takov\u00e9ho p\u0159ibalit na cesty, pokud m\u00ed\u0159\u00ed do zem\u00ed, kter\u00e9 nejsou s USA sp\u0159\u00e1telen\u00e9 a tuto arm\u00e1du maj\u00ed za nep\u0159\u00e1telskou. Mohlo by to vyvolat i v\u011bt\u0161\u00ed nespokojenost ne\u017e pohor\u0161en\u00ed na\u0161ich komunistick\u00fdch d\u016fchodc\u016f.                                                                                                                                                                                                                                                                                                                                                                                          4.7\/5 - (7 votes)        "},{"@context":"https:\/\/schema.org\/","@type":"BreadcrumbList","itemListElement":[{"@type":"ListItem","position":1,"name":"Obdivujete americkou arm\u00e1du?","item":"https:\/\/www.vnew.cz\/obdivujete-americkou-armadu\/#breadcrumbitem"}]}]